{"id":276,"date":"2016-02-28T21:21:33","date_gmt":"2016-02-28T21:21:33","guid":{"rendered":"http:\/\/politiskhistoria.se\/?p=276"},"modified":"2016-02-28T21:21:33","modified_gmt":"2016-02-28T21:21:33","slug":"folket-i-bild-recenserar-svart-potatis","status":"publish","type":"post","link":"https:\/\/politiskhistoria.se\/?p=276","title":{"rendered":"Folket i Bild recenserar &#8221;Svart potatis&#8221;"},"content":{"rendered":"<p>Tidningen Folket i Bild kulturfront recenserar Svart Potatis i nr 2-16.<\/p>\n<p>N\u00e5gra utdrag:<\/p>\n<p>\u201dDet \u00e4r allts\u00e5 ett pionj\u00e4rverk f\u00f6rfattaren \u00e5stadkommit. En av de allra viktigaste samh\u00e4llsorienterade b\u00f6ckerna som utkommit de senaste \u00e5ren\u201d<\/p>\n<p>\u201dBokens disposition [&#8230;] allt h\u00e5llet i en stramt ber\u00e4ttad stil \u00a0g\u00f6r denna skrift mycket l\u00e4sv\u00e4rd. Sp\u00e4nnvidden i historien [&#8230;] g\u00f6r boken oumb\u00e4rlig f\u00f6r varje l\u00e4sare som har ett politiskt eller historiskt intresse.&#8221;<\/p>\n<p>Recensionen \u00e4r skriven av Jan Bergsten.<\/p>\n","protected":false},"excerpt":{"rendered":"<p>Tidningen Folket i Bild kulturfront recenserar Svart Potatis i nr 2-16. N\u00e5gra utdrag: \u201dDet \u00e4r allts\u00e5 ett pionj\u00e4rverk f\u00f6rfattaren \u00e5stadkommit. En av de allra viktigaste samh\u00e4llsorienterade b\u00f6ckerna som utkommit de senaste \u00e5ren\u201d \u201dBokens disposition [&#8230;] allt h\u00e5llet i en stramt ber\u00e4ttad stil \u00a0g\u00f6r denna skrift mycket l\u00e4sv\u00e4rd. Sp\u00e4nnvidden i historien\u2026<\/p>\n<p> <a class=\"continue-reading-link\" href=\"https:\/\/politiskhistoria.se\/?p=276\"><span>L\u00e4s mer<\/span><i class=\"crycon-right-dir\"><\/i><\/a> <\/p>\n","protected":false},"author":1,"featured_media":0,"comment_status":"closed","ping_status":"closed","sticky":false,"template":"","format":"standard","meta":{"footnotes":""},"categories":[2],"tags":[],"class_list":["post-276","post","type-post","status-publish","format-standard","hentry","category-nyheter"],"_links":{"self":[{"href":"https:\/\/politiskhistoria.se\/index.php?rest_route=\/wp\/v2\/posts\/276","targetHints":{"allow":["GET"]}}],"collection":[{"href":"https:\/\/politiskhistoria.se\/index.php?rest_route=\/wp\/v2\/posts"}],"about":[{"href":"https:\/\/politiskhistoria.se\/index.php?rest_route=\/wp\/v2\/types\/post"}],"author":[{"embeddable":true,"href":"https:\/\/politiskhistoria.se\/index.php?rest_route=\/wp\/v2\/users\/1"}],"replies":[{"embeddable":true,"href":"https:\/\/politiskhistoria.se\/index.php?rest_route=%2Fwp%2Fv2%2Fcomments&post=276"}],"version-history":[{"count":1,"href":"https:\/\/politiskhistoria.se\/index.php?rest_route=\/wp\/v2\/posts\/276\/revisions"}],"predecessor-version":[{"id":277,"href":"https:\/\/politiskhistoria.se\/index.php?rest_route=\/wp\/v2\/posts\/276\/revisions\/277"}],"wp:attachment":[{"href":"https:\/\/politiskhistoria.se\/index.php?rest_route=%2Fwp%2Fv2%2Fmedia&parent=276"}],"wp:term":[{"taxonomy":"category","embeddable":true,"href":"https:\/\/politiskhistoria.se\/index.php?rest_route=%2Fwp%2Fv2%2Fcategories&post=276"},{"taxonomy":"post_tag","embeddable":true,"href":"https:\/\/politiskhistoria.se\/index.php?rest_route=%2Fwp%2Fv2%2Ftags&post=276"}],"curies":[{"name":"wp","href":"https:\/\/api.w.org\/{rel}","templated":true}]}}